{"id":364,"date":"2021-03-20T16:33:49","date_gmt":"2021-03-20T16:33:49","guid":{"rendered":"https:\/\/bmpinteriorismo.com\/?p=364"},"modified":"2024-07-31T12:04:12","modified_gmt":"2024-07-31T12:04:12","slug":"por-que-deberias-contratar-un-interiorista","status":"publish","type":"post","link":"https:\/\/bmpinteriorismo.com\/?p=364","title":{"rendered":"\u00bfPor qu\u00e9 deber\u00edas contratar un interiorista?"},"content":{"rendered":"\n<div class=\"wp-block-image\"><figure class=\"aligncenter size-large is-resized\"><img loading=\"lazy\" decoding=\"async\" src=\"https:\/\/bmpinteriorismo.com\/wp-content\/uploads\/2021\/03\/contratar-bmp01-1024x1024.jpg\" alt=\"Contrata un interiorista BMP\" class=\"wp-image-365\" width=\"512\" height=\"512\" srcset=\"https:\/\/bmpinteriorismo.com\/wp-content\/uploads\/2021\/03\/contratar-bmp01-1024x1024.jpg 1024w, https:\/\/bmpinteriorismo.com\/wp-content\/uploads\/2021\/03\/contratar-bmp01-300x300.jpg 300w, https:\/\/bmpinteriorismo.com\/wp-content\/uploads\/2021\/03\/contratar-bmp01-150x150.jpg 150w, https:\/\/bmpinteriorismo.com\/wp-content\/uploads\/2021\/03\/contratar-bmp01-768x768.jpg 768w, https:\/\/bmpinteriorismo.com\/wp-content\/uploads\/2021\/03\/contratar-bmp01-1536x1536.jpg 1536w, https:\/\/bmpinteriorismo.com\/wp-content\/uploads\/2021\/03\/contratar-bmp01-2048x2048.jpg 2048w, https:\/\/bmpinteriorismo.com\/wp-content\/uploads\/2021\/03\/contratar-bmp01-200x200.jpg 200w, https:\/\/bmpinteriorismo.com\/wp-content\/uploads\/2021\/03\/contratar-bmp01-100x100.jpg 100w\" sizes=\"auto, (max-width: 512px) 100vw, 512px\" \/><\/figure><\/div>\n\n\n\n<p class=\"wp-block-paragraph\">\u00bf Por qu\u00e9 deber\u00edas contratar un interiorista? Cada vez sois m\u00e1s los que os plante\u00e1is contratar los <a href=\"https:\/\/bmpinteriorismo.com\/\">servicios<\/a> de un interiorista, no s\u00f3lo cuando quer\u00e9is reformar toda vuestra casa sino tambi\u00e9n cuando quer\u00e9is reformar la cocina, el ba\u00f1o o incluso cuando quer\u00e9is darle una vuelta a la decoraci\u00f3n del sal\u00f3n o el dormitorio\u2026 Sin embargo, por la idea generalizada que contratar aun profesional es caro, no os termin\u00e1is de atrever.<\/p>\n\n\n\n<p class=\"wp-block-paragraph\">Por eso, hoy quiero explicaros porque contratar un interiorista es una buena inversi\u00f3n y una buena decisi\u00f3n.<\/p>\n\n\n\n<ul class=\"wp-block-list\"><li>Los interioristas tenemos un ojo entrenado para los espacios, por lo que veremos posibilidades y opciones que vosotros, posiblemente, no veis.<\/li><li>Cada proyecto es un mundo, un buen interiorista tendr\u00e1 en cuenta vuestras necesidades, prioridades e ideas y dise\u00f1ar\u00e1 al mil\u00edmetro el espacio que so\u00f1\u00e1is.<\/li><li>Controlar\u00e1 cada fase del proyecto, desde las primeras reuniones hasta el resultado final. En el caso de una reforma, dar\u00e1 soluciones a todos esos improvistos y obst\u00e1culos que pueden surgir.<\/li><li>Te aconsejar\u00e1 sobre materiales y acabados buscando la mejor relaci\u00f3n calidad\/precio para ajustarse a vuestras necesidades y presupuesto.<\/li><li>Ahorrar\u00e1s tiempo y dinero, los interioristas nos convertimos en vuestras manos y ojos, por lo que ahorrareis tiempo buscando materiales o mobiliario y dinero al proporcionaros varios presupuestos entre los que comparar.<\/li><li>El resultado final ser\u00e1 lo que deseabas, la suma de vuestros gustos pero con un toque de armon\u00eda y estilo inspirado y basado en vosotros.<\/li><li> Conseguir\u00e1 hacer tus ideas realidad, eso s\u00ed posiblemente acabaremos desmontado ideas preconcebidas que tenias. A todos nos encanta inspirarnos en Pinterest y otras redes sociales pero un buen interiorista siempre te dir\u00e1 que es factible y que no. <\/li><li>En todo momento, podr\u00e1s ver los planos de distribuci\u00f3n, as\u00ed como la memoria de calidades y mobiliario que se ir\u00e1 actualizando a medida que avance tu reforma.<\/li><\/ul>\n\n\n\n<p class=\"wp-block-paragraph\">Obviamente, como os pod\u00e9is imaginar esto es mi manera de trabajar, y c\u00f3mo me gusta enfocar cada proyecto, por lo que no todo el mundo trabaja igual.<\/p>\n\n\n\n<p class=\"wp-block-paragraph\">Espero haber aclarado un poco vuestras ideas sobre si deber\u00edais o no contratar a un interiorista.\u00bf Te animar\u00edas ahora a contratar a un interiorista?<\/p>\n","protected":false},"excerpt":{"rendered":"<p>\u00bf Por qu\u00e9 deber\u00edas contratar un interiorista? Cada vez sois m\u00e1s los que os plante\u00e1is contratar los servicios de un interiorista, no s\u00f3lo cuando quer\u00e9is reformar toda vuestra casa sino tambi\u00e9n cuando quer\u00e9is reformar la cocina, el ba\u00f1o o incluso cuando quer\u00e9is darle una vuelta a la decoraci\u00f3n del sal\u00f3n o el dormitorio\u2026 Sin embargo, [&hellip;]<\/p>\n","protected":false},"author":1,"featured_media":0,"comment_status":"open","ping_status":"open","sticky":true,"template":"","format":"standard","meta":{"footnotes":""},"categories":[8],"tags":[16,4,24],"class_list":["post-364","post","type-post","status-publish","format-standard","hentry","category-interiorismo","tag-disenodeinteriores","tag-interiorismo","tag-interioristas"],"yoast_head":"<!-- This site is optimized with the Yoast SEO plugin v28.4 - https:\/\/yoast.com\/product\/yoast-seo-wordpress\/ -->\n<title>BMP- Interiorismo- \u00bfPor qu\u00e9 deber\u00edas contratar un interiorista?<\/title>\n<meta name=\"description\" content=\"\u00bfPor qu\u00e9 deber\u00edas contratar un interiorista? Todos los motivos por los que deber\u00edas contratar un interiorista para llevar a cabo tu proyecto\" \/>\n<meta name=\"robots\" content=\"index, follow, max-snippet:-1, max-image-preview:large, max-video-preview:-1\" \/>\n<link rel=\"canonical\" href=\"https:\/\/bmpinteriorismo.com\/?p=364\" \/>\n<meta property=\"og:locale\" content=\"es_ES\" \/>\n<meta property=\"og:type\" content=\"article\" \/>\n<meta property=\"og:title\" content=\"BMP- Interiorismo- \u00bfPor qu\u00e9 deber\u00edas contratar un interiorista?\" \/>\n<meta property=\"og:description\" content=\"\u00bfPor qu\u00e9 deber\u00edas contratar un interiorista? Todos los motivos por los que deber\u00edas contratar un interiorista para llevar a cabo tu proyecto\" \/>\n<meta property=\"og:url\" content=\"https:\/\/bmpinteriorismo.com\/?p=364\" \/>\n<meta property=\"og:site_name\" content=\"Bmp-Interiorismo\" \/>\n<meta property=\"article:publisher\" content=\"https:\/\/www.facebook.com\/BMP-Interiorismo-408904656501562\/\" \/>\n<meta property=\"article:published_time\" content=\"2021-03-20T16:33:49+00:00\" \/>\n<meta property=\"article:modified_time\" content=\"2024-07-31T12:04:12+00:00\" \/>\n<meta property=\"og:image\" content=\"https:\/\/bmpinteriorismo.com\/wp-content\/uploads\/2021\/03\/contratar-bmp01-1024x1024.jpg\" \/>\n<meta name=\"author\" content=\"BMP\" \/>\n<meta name=\"twitter:card\" content=\"summary_large_image\" \/>\n<meta name=\"twitter:label1\" content=\"Escrito por\" \/>\n\t<meta name=\"twitter:data1\" content=\"BMP\" \/>\n\t<meta name=\"twitter:label2\" content=\"Tiempo de lectura\" \/>\n\t<meta name=\"twitter:data2\" content=\"2 minutos\" \/>\n<script type=\"application\/ld+json\" class=\"yoast-schema-graph\">{\"@context\":\"https:\\\/\\\/schema.org\",\"@graph\":[{\"@type\":\"Article\",\"@id\":\"https:\\\/\\\/bmpinteriorismo.com\\\/?p=364#article\",\"isPartOf\":{\"@id\":\"https:\\\/\\\/bmpinteriorismo.com\\\/?p=364\"},\"author\":{\"name\":\"BMP\",\"@id\":\"https:\\\/\\\/bmpinteriorismo.com\\\/#\\\/schema\\\/person\\\/0d59c282124f3bbd1c0ca5e5ff31b4c8\"},\"headline\":\"\u00bfPor qu\u00e9 deber\u00edas contratar un interiorista?\",\"datePublished\":\"2021-03-20T16:33:49+00:00\",\"dateModified\":\"2024-07-31T12:04:12+00:00\",\"mainEntityOfPage\":{\"@id\":\"https:\\\/\\\/bmpinteriorismo.com\\\/?p=364\"},\"wordCount\":387,\"commentCount\":12,\"publisher\":{\"@id\":\"https:\\\/\\\/bmpinteriorismo.com\\\/#organization\"},\"image\":{\"@id\":\"https:\\\/\\\/bmpinteriorismo.com\\\/?p=364#primaryimage\"},\"thumbnailUrl\":\"https:\\\/\\\/bmpinteriorismo.com\\\/wp-content\\\/uploads\\\/2021\\\/03\\\/contratar-bmp01-1024x1024.jpg\",\"keywords\":[\"dise\u00f1odeinteriores\",\"Interiorismo\",\"INTERIORISTAS\"],\"articleSection\":[\"Interiorismo\"],\"inLanguage\":\"es\",\"potentialAction\":[{\"@type\":\"CommentAction\",\"name\":\"Comment\",\"target\":[\"https:\\\/\\\/bmpinteriorismo.com\\\/?p=364#respond\"]}]},{\"@type\":\"WebPage\",\"@id\":\"https:\\\/\\\/bmpinteriorismo.com\\\/?p=364\",\"url\":\"https:\\\/\\\/bmpinteriorismo.com\\\/?p=364\",\"name\":\"BMP- Interiorismo- \u00bfPor qu\u00e9 deber\u00edas contratar un interiorista?\",\"isPartOf\":{\"@id\":\"https:\\\/\\\/bmpinteriorismo.com\\\/#website\"},\"primaryImageOfPage\":{\"@id\":\"https:\\\/\\\/bmpinteriorismo.com\\\/?p=364#primaryimage\"},\"image\":{\"@id\":\"https:\\\/\\\/bmpinteriorismo.com\\\/?p=364#primaryimage\"},\"thumbnailUrl\":\"https:\\\/\\\/bmpinteriorismo.com\\\/wp-content\\\/uploads\\\/2021\\\/03\\\/contratar-bmp01-1024x1024.jpg\",\"datePublished\":\"2021-03-20T16:33:49+00:00\",\"dateModified\":\"2024-07-31T12:04:12+00:00\",\"description\":\"\u00bfPor qu\u00e9 deber\u00edas contratar un interiorista? Todos los motivos por los que deber\u00edas contratar un interiorista para llevar a cabo tu proyecto\",\"breadcrumb\":{\"@id\":\"https:\\\/\\\/bmpinteriorismo.com\\\/?p=364#breadcrumb\"},\"inLanguage\":\"es\",\"potentialAction\":[{\"@type\":\"ReadAction\",\"target\":[\"https:\\\/\\\/bmpinteriorismo.com\\\/?p=364\"]}]},{\"@type\":\"ImageObject\",\"inLanguage\":\"es\",\"@id\":\"https:\\\/\\\/bmpinteriorismo.com\\\/?p=364#primaryimage\",\"url\":\"https:\\\/\\\/bmpinteriorismo.com\\\/wp-content\\\/uploads\\\/2021\\\/03\\\/contratar-bmp01-1024x1024.jpg\",\"contentUrl\":\"https:\\\/\\\/bmpinteriorismo.com\\\/wp-content\\\/uploads\\\/2021\\\/03\\\/contratar-bmp01-1024x1024.jpg\"},{\"@type\":\"BreadcrumbList\",\"@id\":\"https:\\\/\\\/bmpinteriorismo.com\\\/?p=364#breadcrumb\",\"itemListElement\":[{\"@type\":\"ListItem\",\"position\":1,\"name\":\"Portada\",\"item\":\"https:\\\/\\\/bmpinteriorismo.com\\\/\"},{\"@type\":\"ListItem\",\"position\":2,\"name\":\"\u00bfPor qu\u00e9 deber\u00edas contratar un interiorista?\"}]},{\"@type\":\"WebSite\",\"@id\":\"https:\\\/\\\/bmpinteriorismo.com\\\/#website\",\"url\":\"https:\\\/\\\/bmpinteriorismo.com\\\/\",\"name\":\"Bmp-Interiorismo\",\"description\":\"Proyectos de reformas, dise\u00f1o de interiores y decoraci\u00f3n.\",\"publisher\":{\"@id\":\"https:\\\/\\\/bmpinteriorismo.com\\\/#organization\"},\"potentialAction\":[{\"@type\":\"SearchAction\",\"target\":{\"@type\":\"EntryPoint\",\"urlTemplate\":\"https:\\\/\\\/bmpinteriorismo.com\\\/?s={search_term_string}\"},\"query-input\":{\"@type\":\"PropertyValueSpecification\",\"valueRequired\":true,\"valueName\":\"search_term_string\"}}],\"inLanguage\":\"es\"},{\"@type\":\"Organization\",\"@id\":\"https:\\\/\\\/bmpinteriorismo.com\\\/#organization\",\"name\":\"BMP-Interiorismo\",\"url\":\"https:\\\/\\\/bmpinteriorismo.com\\\/\",\"logo\":{\"@type\":\"ImageObject\",\"inLanguage\":\"es\",\"@id\":\"https:\\\/\\\/bmpinteriorismo.com\\\/#\\\/schema\\\/logo\\\/image\\\/\",\"url\":\"https:\\\/\\\/bmpinteriorismo.com\\\/wp-content\\\/uploads\\\/2021\\\/03\\\/cropped-BMP-INTERIORISMO-scaled-1.jpg\",\"contentUrl\":\"https:\\\/\\\/bmpinteriorismo.com\\\/wp-content\\\/uploads\\\/2021\\\/03\\\/cropped-BMP-INTERIORISMO-scaled-1.jpg\",\"width\":512,\"height\":512,\"caption\":\"BMP-Interiorismo\"},\"image\":{\"@id\":\"https:\\\/\\\/bmpinteriorismo.com\\\/#\\\/schema\\\/logo\\\/image\\\/\"},\"sameAs\":[\"https:\\\/\\\/www.facebook.com\\\/BMP-Interiorismo-408904656501562\\\/\",\"https:\\\/\\\/www.instagram.com\\\/bmp_interiorismo\\\/\",\"https:\\\/\\\/www.pinterest.es\\\/bmpinteriorismo\\\/_created\\\/\"]},{\"@type\":\"Person\",\"@id\":\"https:\\\/\\\/bmpinteriorismo.com\\\/#\\\/schema\\\/person\\\/0d59c282124f3bbd1c0ca5e5ff31b4c8\",\"name\":\"BMP\",\"sameAs\":[\"https:\\\/\\\/bmpinteriorismo.com\"]}]}<\/script>\n<!-- \/ Yoast SEO plugin. -->","yoast_head_json":{"title":"BMP- Interiorismo- \u00bfPor qu\u00e9 deber\u00edas contratar un interiorista?","description":"\u00bfPor qu\u00e9 deber\u00edas contratar un interiorista? Todos los motivos por los que deber\u00edas contratar un interiorista para llevar a cabo tu proyecto","robots":{"index":"index","follow":"follow","max-snippet":"max-snippet:-1","max-image-preview":"max-image-preview:large","max-video-preview":"max-video-preview:-1"},"canonical":"https:\/\/bmpinteriorismo.com\/?p=364","og_locale":"es_ES","og_type":"article","og_title":"BMP- Interiorismo- \u00bfPor qu\u00e9 deber\u00edas contratar un interiorista?","og_description":"\u00bfPor qu\u00e9 deber\u00edas contratar un interiorista? Todos los motivos por los que deber\u00edas contratar un interiorista para llevar a cabo tu proyecto","og_url":"https:\/\/bmpinteriorismo.com\/?p=364","og_site_name":"Bmp-Interiorismo","article_publisher":"https:\/\/www.facebook.com\/BMP-Interiorismo-408904656501562\/","article_published_time":"2021-03-20T16:33:49+00:00","article_modified_time":"2024-07-31T12:04:12+00:00","og_image":[{"url":"https:\/\/bmpinteriorismo.com\/wp-content\/uploads\/2021\/03\/contratar-bmp01-1024x1024.jpg","type":"","width":"","height":""}],"author":"BMP","twitter_card":"summary_large_image","twitter_misc":{"Escrito por":"BMP","Tiempo de lectura":"2 minutos"},"schema":{"@context":"https:\/\/schema.org","@graph":[{"@type":"Article","@id":"https:\/\/bmpinteriorismo.com\/?p=364#article","isPartOf":{"@id":"https:\/\/bmpinteriorismo.com\/?p=364"},"author":{"name":"BMP","@id":"https:\/\/bmpinteriorismo.com\/#\/schema\/person\/0d59c282124f3bbd1c0ca5e5ff31b4c8"},"headline":"\u00bfPor qu\u00e9 deber\u00edas contratar un interiorista?","datePublished":"2021-03-20T16:33:49+00:00","dateModified":"2024-07-31T12:04:12+00:00","mainEntityOfPage":{"@id":"https:\/\/bmpinteriorismo.com\/?p=364"},"wordCount":387,"commentCount":12,"publisher":{"@id":"https:\/\/bmpinteriorismo.com\/#organization"},"image":{"@id":"https:\/\/bmpinteriorismo.com\/?p=364#primaryimage"},"thumbnailUrl":"https:\/\/bmpinteriorismo.com\/wp-content\/uploads\/2021\/03\/contratar-bmp01-1024x1024.jpg","keywords":["dise\u00f1odeinteriores","Interiorismo","INTERIORISTAS"],"articleSection":["Interiorismo"],"inLanguage":"es","potentialAction":[{"@type":"CommentAction","name":"Comment","target":["https:\/\/bmpinteriorismo.com\/?p=364#respond"]}]},{"@type":"WebPage","@id":"https:\/\/bmpinteriorismo.com\/?p=364","url":"https:\/\/bmpinteriorismo.com\/?p=364","name":"BMP- Interiorismo- \u00bfPor qu\u00e9 deber\u00edas contratar un interiorista?","isPartOf":{"@id":"https:\/\/bmpinteriorismo.com\/#website"},"primaryImageOfPage":{"@id":"https:\/\/bmpinteriorismo.com\/?p=364#primaryimage"},"image":{"@id":"https:\/\/bmpinteriorismo.com\/?p=364#primaryimage"},"thumbnailUrl":"https:\/\/bmpinteriorismo.com\/wp-content\/uploads\/2021\/03\/contratar-bmp01-1024x1024.jpg","datePublished":"2021-03-20T16:33:49+00:00","dateModified":"2024-07-31T12:04:12+00:00","description":"\u00bfPor qu\u00e9 deber\u00edas contratar un interiorista? Todos los motivos por los que deber\u00edas contratar un interiorista para llevar a cabo tu proyecto","breadcrumb":{"@id":"https:\/\/bmpinteriorismo.com\/?p=364#breadcrumb"},"inLanguage":"es","potentialAction":[{"@type":"ReadAction","target":["https:\/\/bmpinteriorismo.com\/?p=364"]}]},{"@type":"ImageObject","inLanguage":"es","@id":"https:\/\/bmpinteriorismo.com\/?p=364#primaryimage","url":"https:\/\/bmpinteriorismo.com\/wp-content\/uploads\/2021\/03\/contratar-bmp01-1024x1024.jpg","contentUrl":"https:\/\/bmpinteriorismo.com\/wp-content\/uploads\/2021\/03\/contratar-bmp01-1024x1024.jpg"},{"@type":"BreadcrumbList","@id":"https:\/\/bmpinteriorismo.com\/?p=364#breadcrumb","itemListElement":[{"@type":"ListItem","position":1,"name":"Portada","item":"https:\/\/bmpinteriorismo.com\/"},{"@type":"ListItem","position":2,"name":"\u00bfPor qu\u00e9 deber\u00edas contratar un interiorista?"}]},{"@type":"WebSite","@id":"https:\/\/bmpinteriorismo.com\/#website","url":"https:\/\/bmpinteriorismo.com\/","name":"Bmp-Interiorismo","description":"Proyectos de reformas, dise\u00f1o de interiores y decoraci\u00f3n.","publisher":{"@id":"https:\/\/bmpinteriorismo.com\/#organization"},"potentialAction":[{"@type":"SearchAction","target":{"@type":"EntryPoint","urlTemplate":"https:\/\/bmpinteriorismo.com\/?s={search_term_string}"},"query-input":{"@type":"PropertyValueSpecification","valueRequired":true,"valueName":"search_term_string"}}],"inLanguage":"es"},{"@type":"Organization","@id":"https:\/\/bmpinteriorismo.com\/#organization","name":"BMP-Interiorismo","url":"https:\/\/bmpinteriorismo.com\/","logo":{"@type":"ImageObject","inLanguage":"es","@id":"https:\/\/bmpinteriorismo.com\/#\/schema\/logo\/image\/","url":"https:\/\/bmpinteriorismo.com\/wp-content\/uploads\/2021\/03\/cropped-BMP-INTERIORISMO-scaled-1.jpg","contentUrl":"https:\/\/bmpinteriorismo.com\/wp-content\/uploads\/2021\/03\/cropped-BMP-INTERIORISMO-scaled-1.jpg","width":512,"height":512,"caption":"BMP-Interiorismo"},"image":{"@id":"https:\/\/bmpinteriorismo.com\/#\/schema\/logo\/image\/"},"sameAs":["https:\/\/www.facebook.com\/BMP-Interiorismo-408904656501562\/","https:\/\/www.instagram.com\/bmp_interiorismo\/","https:\/\/www.pinterest.es\/bmpinteriorismo\/_created\/"]},{"@type":"Person","@id":"https:\/\/bmpinteriorismo.com\/#\/schema\/person\/0d59c282124f3bbd1c0ca5e5ff31b4c8","name":"BMP","sameAs":["https:\/\/bmpinteriorismo.com"]}]}},"_links":{"self":[{"href":"https:\/\/bmpinteriorismo.com\/index.php?rest_route=\/wp\/v2\/posts\/364","targetHints":{"allow":["GET"]}}],"collection":[{"href":"https:\/\/bmpinteriorismo.com\/index.php?rest_route=\/wp\/v2\/posts"}],"about":[{"href":"https:\/\/bmpinteriorismo.com\/index.php?rest_route=\/wp\/v2\/types\/post"}],"author":[{"embeddable":true,"href":"https:\/\/bmpinteriorismo.com\/index.php?rest_route=\/wp\/v2\/users\/1"}],"replies":[{"embeddable":true,"href":"https:\/\/bmpinteriorismo.com\/index.php?rest_route=%2Fwp%2Fv2%2Fcomments&post=364"}],"version-history":[{"count":2,"href":"https:\/\/bmpinteriorismo.com\/index.php?rest_route=\/wp\/v2\/posts\/364\/revisions"}],"predecessor-version":[{"id":716,"href":"https:\/\/bmpinteriorismo.com\/index.php?rest_route=\/wp\/v2\/posts\/364\/revisions\/716"}],"wp:attachment":[{"href":"https:\/\/bmpinteriorismo.com\/index.php?rest_route=%2Fwp%2Fv2%2Fmedia&parent=364"}],"wp:term":[{"taxonomy":"category","embeddable":true,"href":"https:\/\/bmpinteriorismo.com\/index.php?rest_route=%2Fwp%2Fv2%2Fcategories&post=364"},{"taxonomy":"post_tag","embeddable":true,"href":"https:\/\/bmpinteriorismo.com\/index.php?rest_route=%2Fwp%2Fv2%2Ftags&post=364"}],"curies":[{"name":"wp","href":"https:\/\/api.w.org\/{rel}","templated":true}]}}