{"id":1198,"date":"2024-09-06T08:00:00","date_gmt":"2024-09-06T08:00:00","guid":{"rendered":"https:\/\/bmpinteriorismo.com\/?p=1198"},"modified":"2024-09-13T10:09:08","modified_gmt":"2024-09-13T10:09:08","slug":"wishlist-de-septiembre","status":"publish","type":"post","link":"https:\/\/bmpinteriorismo.com\/?p=1198","title":{"rendered":"Wishlist de Septiembre: Accesorios y Art\u00edculos que Quiero"},"content":{"rendered":"\n<p class=\"wp-block-paragraph\"><\/p>\n\n\n\n<p class=\"wp-block-paragraph\">Septiembre ha llegado, y con \u00e9l, la oportunidad perfecta para renovarnos un poco. Ya sea para actualizar nuestro armario, embellecer nuestro hogar o simplemente darnos un capricho, aqu\u00ed te traigo mi wishlist para este mes. \u00a1Vamos a ello!<\/p>\n\n\n\n<h2 class=\"wp-block-heading\">1. Manta de lana de Zara<\/h2>\n\n\n\n<p class=\"wp-block-paragraph\">Con las temperaturas comenzando a descender, una manta de lana de Zara es esencial para crear ese ambiente acogedor en casa. Me encanta la idea de acurrucarme en el sof\u00e1 con una buena serie y esta manta ser\u00eda el complemento perfecto.<\/p>\n\n\n\n<h2 class=\"wp-block-heading\">2. C\u00e1mara de fotos h\u00edbrida Instax<\/h2>\n\n\n\n<p class=\"wp-block-paragraph\">Estoy deseando inmortalizar mis momentos favoritos de septiembre, y una c\u00e1mara de fotos h\u00edbrida <a href=\"https:\/\/instax.com\/mini_evo\/es\/\">Instax <\/a>ser\u00eda ideal para capturar esos recuerdos de manera instant\u00e1nea. Adem\u00e1s, sus fotos tienen un toque vintage que me fascina.<\/p>\n\n\n\n<h2 class=\"wp-block-heading\">3. Bolso bucket de Parfois<\/h2>\n\n\n\n<p class=\"wp-block-paragraph\">Buscando un bolso vers\u00e1til que combine con casi cualquier outfit, este bolso bucket de <a href=\"https:\/\/www.parfois.com\/es\/es\/bolsos\/bolsos-de-hombro\/bolso-de-hombro-everyday\/220565.html?dwvar_220565_color=_BK\">Parfois<\/a> se ha robado mi atenci\u00f3n. Perfecto para llevar lo esencial y muy a la moda.<\/p>\n\n\n\n<h2 class=\"wp-block-heading\">4. Anillo serpiente de Aristocrazy<\/h2>\n\n\n\n<p class=\"wp-block-paragraph\">Siempre he amado los detalles que hacen la diferencia, y este anillo de serpiente de <a href=\"https:\/\/www.aristocrazy.com\/es\/anillos\/anillo-lanzadera-de-plata-925-banada-en-oro-amarillo-de-18k-con-forma-de-serpiente\/J03179-02.html\">Aristocrazy <\/a>es justo lo que necesito. Su dise\u00f1o elegante y moderno a\u00f1adir\u00eda un toque especial a cualquier look.<\/p>\n\n\n\n<h2 class=\"wp-block-heading\">5. Cacao para labios de Chanel<\/h2>\n\n\n\n<p class=\"wp-block-paragraph\">Con el clima cambiante, mis labios tienden a resecarse. Este cacao para labios de Chanel no solo promete hidrataci\u00f3n, sino que adem\u00e1s tiene un aroma delicioso y un packaging que enamora.<\/p>\n\n\n\n<h2 class=\"wp-block-heading\">6. Cuadro de Jane Birkin<\/h2>\n\n\n\n<p class=\"wp-block-paragraph\">No hay nada como decorar nuestro espacio con elementos que nos inspiren. Un cuadro de Jane Birkin de <a href=\"https:\/\/www.soniceditions.com\/image\/birkin-paris-1970\">Sonice editon<\/a> ser\u00eda ideal para mi dormitorio u oficina, a\u00f1adiendo un toque chic y art\u00edstico a la decoraci\u00f3n.<\/p>\n\n\n\n<h2 class=\"wp-block-heading\">7. Jersey de lana de Uniqlo<\/h2>\n\n\n\n<p class=\"wp-block-paragraph\">Los jerseys son un b\u00e1sico imprescindible para la temporada de oto\u00f1o, y el jersey de lana de Uniqlo es la opci\u00f3n perfecta para esos d\u00edas fr\u00edos en la oficina. Su suavidad y estilo lo convierten en un must-have.<\/p>\n\n\n\n<h2 class=\"wp-block-heading\">8. Adidas Samba en negro<\/h2>\n\n\n\n<p class=\"wp-block-paragraph\">Las zapatillas Adidas Samba en negro son un cl\u00e1sico que nunca pasa de moda. Son c\u00f3modas, elegantes y perfectas para un look casual o para dar un paseo por la ciudad.<\/p>\n\n\n\n<h2 class=\"wp-block-heading\">9. L\u00e1mpara flexo de Zara Home<\/h2>\n\n\n\n<p class=\"wp-block-paragraph\">Mi espacio de trabajo necesita un poco de luz, y esta l\u00e1mpara flexo de Zara Home no solo es funcional, sino que tambi\u00e9n se ve incre\u00edble. Ser\u00eda el complemento ideal para mis horas de estudio o trabajo.<\/p>\n\n\n\n<h2 class=\"wp-block-heading\">10. Vela Baies de Diptyque<\/h2>\n\n\n\n<p class=\"wp-block-paragraph\">No hay nada como encender una vela para crear un ambiente relajante en casa. La vela Baies de Diptyque es conocida por su fragancia envolvente y fresca. \u00a1No puedo esperar para probarla!<\/p>\n\n\n\n<h2 class=\"wp-block-heading\">11. Funda m\u00f3vil personalizada<\/h2>\n\n\n\n<p class=\"wp-block-paragraph\">Mi m\u00f3vil necesita un nuevo look, y una funda personalizada es justo lo que busco. Puedo a\u00f1adir alguna frase motivacional o una imagen que me represente, y as\u00ed darle un toque \u00fanico y personal. Esta con mi inicial de Lafloid me parece perfecta. <\/p>\n\n\n\n<h2 class=\"wp-block-heading\">12. Plato de flores de Zara Home<\/h2>\n\n\n\n<p class=\"wp-block-paragraph\">Para darle un toque especial a la mesa, un plato de flores de Zara Home ser\u00eda ideal. Perfecto para servir snacks o simplemente como elemento decorativo.<\/p>\n\n\n\n<hr class=\"wp-block-separator has-alpha-channel-opacity\"\/>\n\n\n\n<p class=\"wp-block-paragraph\">Y aqu\u00ed est\u00e1 mi lista de deseos para septiembre. \u00bfCu\u00e1les de estos art\u00edculos a\u00f1adir\u00edas a tu propia wishlist? Este mes se trata de cuidarnos y darnos un capricho, as\u00ed que \u00a1estar\u00e9 atenta a todas las novedades! \u00a1Feliz septiembre! \ud83d\udd25\ud83c\udf42<\/p>\n\n\n<div class=\"wp-block-image\">\n<figure data-wp-context=\"{&quot;imageId&quot;:&quot;6a9bd45320147&quot;}\" data-wp-interactive=\"core\/image\" data-wp-key=\"6a9bd45320147\" class=\"aligncenter size-large is-resized wp-lightbox-container\"><img loading=\"lazy\" decoding=\"async\" width=\"722\" height=\"1024\" data-wp-class--hide=\"state.isContentHidden\" data-wp-class--show=\"state.isContentVisible\" data-wp-init=\"callbacks.setButtonStyles\" data-wp-on--click=\"actions.showLightbox\" data-wp-on--load=\"callbacks.setButtonStyles\" data-wp-on--pointerdown=\"actions.preloadImage\" data-wp-on--pointerenter=\"actions.preloadImageWithDelay\" data-wp-on--pointerleave=\"actions.cancelPreload\" data-wp-on-window--resize=\"callbacks.setButtonStyles\" src=\"https:\/\/bmpinteriorismo.com\/wp-content\/uploads\/2024\/08\/September-wishlist-722x1024.jpg\" alt=\"Wishlist de Septiembre\" class=\"wp-image-1199\" style=\"width:481px;height:auto\" srcset=\"https:\/\/bmpinteriorismo.com\/wp-content\/uploads\/2024\/08\/September-wishlist-722x1024.jpg 722w, https:\/\/bmpinteriorismo.com\/wp-content\/uploads\/2024\/08\/September-wishlist-212x300.jpg 212w, https:\/\/bmpinteriorismo.com\/wp-content\/uploads\/2024\/08\/September-wishlist-768x1089.jpg 768w, https:\/\/bmpinteriorismo.com\/wp-content\/uploads\/2024\/08\/September-wishlist-1083x1536.jpg 1083w, https:\/\/bmpinteriorismo.com\/wp-content\/uploads\/2024\/08\/September-wishlist-1320x1872.jpg 1320w, https:\/\/bmpinteriorismo.com\/wp-content\/uploads\/2024\/08\/September-wishlist.jpg 1410w\" sizes=\"auto, (max-width: 722px) 100vw, 722px\" \/><button\n\t\t\tclass=\"lightbox-trigger\"\n\t\t\ttype=\"button\"\n\t\t\taria-haspopup=\"dialog\"\n\t\t\tdata-wp-bind--aria-label=\"state.thisImage.triggerButtonAriaLabel\"\n\t\t\tdata-wp-init=\"callbacks.initTriggerButton\"\n\t\t\tdata-wp-on--click=\"actions.showLightbox\"\n\t\t\tdata-wp-style--right=\"state.thisImage.buttonRight\"\n\t\t\tdata-wp-style--top=\"state.thisImage.buttonTop\"\n\t\t>\n\t\t\t<svg xmlns=\"http:\/\/www.w3.org\/2000\/svg\" width=\"12\" height=\"12\" fill=\"none\" viewBox=\"0 0 12 12\">\n\t\t\t\t<path fill=\"#fff\" d=\"M2 0a2 2 0 0 0-2 2v2h1.5V2a.5.5 0 0 1 .5-.5h2V0H2Zm2 10.5H2a.5.5 0 0 1-.5-.5V8H0v2a2 2 0 0 0 2 2h2v-1.5ZM8 12v-1.5h2a.5.5 0 0 0 .5-.5V8H12v2a2 2 0 0 1-2 2H8Zm2-12a2 2 0 0 1 2 2v2h-1.5V2a.5.5 0 0 0-.5-.5H8V0h2Z\" \/>\n\t\t\t<\/svg>\n\t\t<\/button><\/figure>\n<\/div>","protected":false},"excerpt":{"rendered":"<p>Septiembre ha llegado, y con \u00e9l, la oportunidad perfecta para renovarnos un poco. Ya sea para actualizar nuestro armario, embellecer nuestro hogar o simplemente darnos un capricho, aqu\u00ed te traigo mi wishlist para este mes. \u00a1Vamos a ello! 1. Manta de lana de Zara Con las temperaturas comenzando a descender, una manta de lana de [&hellip;]<\/p>\n","protected":false},"author":1,"featured_media":0,"comment_status":"open","ping_status":"open","sticky":false,"template":"","format":"standard","meta":{"footnotes":""},"categories":[11],"tags":[25,16,30,4,24,6,67,66],"class_list":["post-1198","post","type-post","status-publish","format-standard","hentry","category-lifestyle","tag-decoracion","tag-disenodeinteriores","tag-interiordesign","tag-interiorismo","tag-interioristas","tag-lifestyle","tag-vueltaalcole","tag-wishlist"],"yoast_head":"<!-- This site is optimized with the Yoast SEO plugin v28.4 - https:\/\/yoast.com\/product\/yoast-seo-wordpress\/ -->\n<title>Wishlist de Septiembre<\/title>\n<meta name=\"description\" content=\"Wishlist de Septiembre. Un poco de todo en esta lista de deseaos para el mes de septiembre. Articulos deco, lifestyle...\" \/>\n<meta name=\"robots\" content=\"index, follow, max-snippet:-1, max-image-preview:large, max-video-preview:-1\" \/>\n<link rel=\"canonical\" href=\"https:\/\/bmpinteriorismo.com\/?p=1198\" \/>\n<meta property=\"og:locale\" content=\"es_ES\" \/>\n<meta property=\"og:type\" content=\"article\" \/>\n<meta property=\"og:title\" content=\"Wishlist de Septiembre\" \/>\n<meta property=\"og:description\" content=\"Wishlist de Septiembre. Un poco de todo en esta lista de deseaos para el mes de septiembre. Articulos deco, lifestyle...\" \/>\n<meta property=\"og:url\" content=\"https:\/\/bmpinteriorismo.com\/?p=1198\" \/>\n<meta property=\"og:site_name\" content=\"Bmp-Interiorismo\" \/>\n<meta property=\"article:publisher\" content=\"https:\/\/www.facebook.com\/BMP-Interiorismo-408904656501562\/\" \/>\n<meta property=\"article:published_time\" content=\"2024-09-06T08:00:00+00:00\" \/>\n<meta property=\"article:modified_time\" content=\"2024-09-13T10:09:08+00:00\" \/>\n<meta property=\"og:image\" content=\"https:\/\/bmpinteriorismo.com\/wp-content\/uploads\/2024\/08\/September-wishlist-722x1024.jpg\" \/>\n<meta name=\"author\" content=\"BMP\" \/>\n<meta name=\"twitter:card\" content=\"summary_large_image\" \/>\n<meta name=\"twitter:label1\" content=\"Escrito por\" \/>\n\t<meta name=\"twitter:data1\" content=\"BMP\" \/>\n\t<meta name=\"twitter:label2\" content=\"Tiempo de lectura\" \/>\n\t<meta name=\"twitter:data2\" content=\"3 minutos\" \/>\n<script type=\"application\/ld+json\" class=\"yoast-schema-graph\">{\"@context\":\"https:\\\/\\\/schema.org\",\"@graph\":[{\"@type\":\"Article\",\"@id\":\"https:\\\/\\\/bmpinteriorismo.com\\\/?p=1198#article\",\"isPartOf\":{\"@id\":\"https:\\\/\\\/bmpinteriorismo.com\\\/?p=1198\"},\"author\":{\"name\":\"BMP\",\"@id\":\"https:\\\/\\\/bmpinteriorismo.com\\\/#\\\/schema\\\/person\\\/0d59c282124f3bbd1c0ca5e5ff31b4c8\"},\"headline\":\"Wishlist de Septiembre: Accesorios y Art\u00edculos que Quiero\",\"datePublished\":\"2024-09-06T08:00:00+00:00\",\"dateModified\":\"2024-09-13T10:09:08+00:00\",\"mainEntityOfPage\":{\"@id\":\"https:\\\/\\\/bmpinteriorismo.com\\\/?p=1198\"},\"wordCount\":590,\"commentCount\":11,\"publisher\":{\"@id\":\"https:\\\/\\\/bmpinteriorismo.com\\\/#organization\"},\"image\":{\"@id\":\"https:\\\/\\\/bmpinteriorismo.com\\\/?p=1198#primaryimage\"},\"thumbnailUrl\":\"https:\\\/\\\/bmpinteriorismo.com\\\/wp-content\\\/uploads\\\/2024\\\/08\\\/September-wishlist-722x1024.jpg\",\"keywords\":[\"decoracion\",\"dise\u00f1odeinteriores\",\"interiordesign\",\"Interiorismo\",\"INTERIORISTAS\",\"Lifestyle\",\"vueltaalcole\",\"wishlist\"],\"articleSection\":[\"Lifestyle\"],\"inLanguage\":\"es\",\"potentialAction\":[{\"@type\":\"CommentAction\",\"name\":\"Comment\",\"target\":[\"https:\\\/\\\/bmpinteriorismo.com\\\/?p=1198#respond\"]}]},{\"@type\":\"WebPage\",\"@id\":\"https:\\\/\\\/bmpinteriorismo.com\\\/?p=1198\",\"url\":\"https:\\\/\\\/bmpinteriorismo.com\\\/?p=1198\",\"name\":\"Wishlist de Septiembre\",\"isPartOf\":{\"@id\":\"https:\\\/\\\/bmpinteriorismo.com\\\/#website\"},\"primaryImageOfPage\":{\"@id\":\"https:\\\/\\\/bmpinteriorismo.com\\\/?p=1198#primaryimage\"},\"image\":{\"@id\":\"https:\\\/\\\/bmpinteriorismo.com\\\/?p=1198#primaryimage\"},\"thumbnailUrl\":\"https:\\\/\\\/bmpinteriorismo.com\\\/wp-content\\\/uploads\\\/2024\\\/08\\\/September-wishlist-722x1024.jpg\",\"datePublished\":\"2024-09-06T08:00:00+00:00\",\"dateModified\":\"2024-09-13T10:09:08+00:00\",\"description\":\"Wishlist de Septiembre. Un poco de todo en esta lista de deseaos para el mes de septiembre. Articulos deco, lifestyle...\",\"breadcrumb\":{\"@id\":\"https:\\\/\\\/bmpinteriorismo.com\\\/?p=1198#breadcrumb\"},\"inLanguage\":\"es\",\"potentialAction\":[{\"@type\":\"ReadAction\",\"target\":[\"https:\\\/\\\/bmpinteriorismo.com\\\/?p=1198\"]}]},{\"@type\":\"ImageObject\",\"inLanguage\":\"es\",\"@id\":\"https:\\\/\\\/bmpinteriorismo.com\\\/?p=1198#primaryimage\",\"url\":\"https:\\\/\\\/bmpinteriorismo.com\\\/wp-content\\\/uploads\\\/2024\\\/08\\\/September-wishlist.jpg\",\"contentUrl\":\"https:\\\/\\\/bmpinteriorismo.com\\\/wp-content\\\/uploads\\\/2024\\\/08\\\/September-wishlist.jpg\",\"width\":1410,\"height\":2000},{\"@type\":\"BreadcrumbList\",\"@id\":\"https:\\\/\\\/bmpinteriorismo.com\\\/?p=1198#breadcrumb\",\"itemListElement\":[{\"@type\":\"ListItem\",\"position\":1,\"name\":\"Portada\",\"item\":\"https:\\\/\\\/bmpinteriorismo.com\\\/\"},{\"@type\":\"ListItem\",\"position\":2,\"name\":\"Wishlist de Septiembre: Accesorios y Art\u00edculos que Quiero\"}]},{\"@type\":\"WebSite\",\"@id\":\"https:\\\/\\\/bmpinteriorismo.com\\\/#website\",\"url\":\"https:\\\/\\\/bmpinteriorismo.com\\\/\",\"name\":\"Bmp-Interiorismo\",\"description\":\"Proyectos de reformas, dise\u00f1o de interiores y decoraci\u00f3n.\",\"publisher\":{\"@id\":\"https:\\\/\\\/bmpinteriorismo.com\\\/#organization\"},\"potentialAction\":[{\"@type\":\"SearchAction\",\"target\":{\"@type\":\"EntryPoint\",\"urlTemplate\":\"https:\\\/\\\/bmpinteriorismo.com\\\/?s={search_term_string}\"},\"query-input\":{\"@type\":\"PropertyValueSpecification\",\"valueRequired\":true,\"valueName\":\"search_term_string\"}}],\"inLanguage\":\"es\"},{\"@type\":\"Organization\",\"@id\":\"https:\\\/\\\/bmpinteriorismo.com\\\/#organization\",\"name\":\"BMP-Interiorismo\",\"url\":\"https:\\\/\\\/bmpinteriorismo.com\\\/\",\"logo\":{\"@type\":\"ImageObject\",\"inLanguage\":\"es\",\"@id\":\"https:\\\/\\\/bmpinteriorismo.com\\\/#\\\/schema\\\/logo\\\/image\\\/\",\"url\":\"https:\\\/\\\/bmpinteriorismo.com\\\/wp-content\\\/uploads\\\/2021\\\/03\\\/cropped-BMP-INTERIORISMO-scaled-1.jpg\",\"contentUrl\":\"https:\\\/\\\/bmpinteriorismo.com\\\/wp-content\\\/uploads\\\/2021\\\/03\\\/cropped-BMP-INTERIORISMO-scaled-1.jpg\",\"width\":512,\"height\":512,\"caption\":\"BMP-Interiorismo\"},\"image\":{\"@id\":\"https:\\\/\\\/bmpinteriorismo.com\\\/#\\\/schema\\\/logo\\\/image\\\/\"},\"sameAs\":[\"https:\\\/\\\/www.facebook.com\\\/BMP-Interiorismo-408904656501562\\\/\",\"https:\\\/\\\/www.instagram.com\\\/bmp_interiorismo\\\/\",\"https:\\\/\\\/www.pinterest.es\\\/bmpinteriorismo\\\/_created\\\/\"]},{\"@type\":\"Person\",\"@id\":\"https:\\\/\\\/bmpinteriorismo.com\\\/#\\\/schema\\\/person\\\/0d59c282124f3bbd1c0ca5e5ff31b4c8\",\"name\":\"BMP\",\"sameAs\":[\"https:\\\/\\\/bmpinteriorismo.com\"]}]}<\/script>\n<!-- \/ Yoast SEO plugin. -->","yoast_head_json":{"title":"Wishlist de Septiembre","description":"Wishlist de Septiembre. Un poco de todo en esta lista de deseaos para el mes de septiembre. Articulos deco, lifestyle...","robots":{"index":"index","follow":"follow","max-snippet":"max-snippet:-1","max-image-preview":"max-image-preview:large","max-video-preview":"max-video-preview:-1"},"canonical":"https:\/\/bmpinteriorismo.com\/?p=1198","og_locale":"es_ES","og_type":"article","og_title":"Wishlist de Septiembre","og_description":"Wishlist de Septiembre. Un poco de todo en esta lista de deseaos para el mes de septiembre. Articulos deco, lifestyle...","og_url":"https:\/\/bmpinteriorismo.com\/?p=1198","og_site_name":"Bmp-Interiorismo","article_publisher":"https:\/\/www.facebook.com\/BMP-Interiorismo-408904656501562\/","article_published_time":"2024-09-06T08:00:00+00:00","article_modified_time":"2024-09-13T10:09:08+00:00","og_image":[{"url":"https:\/\/bmpinteriorismo.com\/wp-content\/uploads\/2024\/08\/September-wishlist-722x1024.jpg","type":"","width":"","height":""}],"author":"BMP","twitter_card":"summary_large_image","twitter_misc":{"Escrito por":"BMP","Tiempo de lectura":"3 minutos"},"schema":{"@context":"https:\/\/schema.org","@graph":[{"@type":"Article","@id":"https:\/\/bmpinteriorismo.com\/?p=1198#article","isPartOf":{"@id":"https:\/\/bmpinteriorismo.com\/?p=1198"},"author":{"name":"BMP","@id":"https:\/\/bmpinteriorismo.com\/#\/schema\/person\/0d59c282124f3bbd1c0ca5e5ff31b4c8"},"headline":"Wishlist de Septiembre: Accesorios y Art\u00edculos que Quiero","datePublished":"2024-09-06T08:00:00+00:00","dateModified":"2024-09-13T10:09:08+00:00","mainEntityOfPage":{"@id":"https:\/\/bmpinteriorismo.com\/?p=1198"},"wordCount":590,"commentCount":11,"publisher":{"@id":"https:\/\/bmpinteriorismo.com\/#organization"},"image":{"@id":"https:\/\/bmpinteriorismo.com\/?p=1198#primaryimage"},"thumbnailUrl":"https:\/\/bmpinteriorismo.com\/wp-content\/uploads\/2024\/08\/September-wishlist-722x1024.jpg","keywords":["decoracion","dise\u00f1odeinteriores","interiordesign","Interiorismo","INTERIORISTAS","Lifestyle","vueltaalcole","wishlist"],"articleSection":["Lifestyle"],"inLanguage":"es","potentialAction":[{"@type":"CommentAction","name":"Comment","target":["https:\/\/bmpinteriorismo.com\/?p=1198#respond"]}]},{"@type":"WebPage","@id":"https:\/\/bmpinteriorismo.com\/?p=1198","url":"https:\/\/bmpinteriorismo.com\/?p=1198","name":"Wishlist de Septiembre","isPartOf":{"@id":"https:\/\/bmpinteriorismo.com\/#website"},"primaryImageOfPage":{"@id":"https:\/\/bmpinteriorismo.com\/?p=1198#primaryimage"},"image":{"@id":"https:\/\/bmpinteriorismo.com\/?p=1198#primaryimage"},"thumbnailUrl":"https:\/\/bmpinteriorismo.com\/wp-content\/uploads\/2024\/08\/September-wishlist-722x1024.jpg","datePublished":"2024-09-06T08:00:00+00:00","dateModified":"2024-09-13T10:09:08+00:00","description":"Wishlist de Septiembre. Un poco de todo en esta lista de deseaos para el mes de septiembre. Articulos deco, lifestyle...","breadcrumb":{"@id":"https:\/\/bmpinteriorismo.com\/?p=1198#breadcrumb"},"inLanguage":"es","potentialAction":[{"@type":"ReadAction","target":["https:\/\/bmpinteriorismo.com\/?p=1198"]}]},{"@type":"ImageObject","inLanguage":"es","@id":"https:\/\/bmpinteriorismo.com\/?p=1198#primaryimage","url":"https:\/\/bmpinteriorismo.com\/wp-content\/uploads\/2024\/08\/September-wishlist.jpg","contentUrl":"https:\/\/bmpinteriorismo.com\/wp-content\/uploads\/2024\/08\/September-wishlist.jpg","width":1410,"height":2000},{"@type":"BreadcrumbList","@id":"https:\/\/bmpinteriorismo.com\/?p=1198#breadcrumb","itemListElement":[{"@type":"ListItem","position":1,"name":"Portada","item":"https:\/\/bmpinteriorismo.com\/"},{"@type":"ListItem","position":2,"name":"Wishlist de Septiembre: Accesorios y Art\u00edculos que Quiero"}]},{"@type":"WebSite","@id":"https:\/\/bmpinteriorismo.com\/#website","url":"https:\/\/bmpinteriorismo.com\/","name":"Bmp-Interiorismo","description":"Proyectos de reformas, dise\u00f1o de interiores y decoraci\u00f3n.","publisher":{"@id":"https:\/\/bmpinteriorismo.com\/#organization"},"potentialAction":[{"@type":"SearchAction","target":{"@type":"EntryPoint","urlTemplate":"https:\/\/bmpinteriorismo.com\/?s={search_term_string}"},"query-input":{"@type":"PropertyValueSpecification","valueRequired":true,"valueName":"search_term_string"}}],"inLanguage":"es"},{"@type":"Organization","@id":"https:\/\/bmpinteriorismo.com\/#organization","name":"BMP-Interiorismo","url":"https:\/\/bmpinteriorismo.com\/","logo":{"@type":"ImageObject","inLanguage":"es","@id":"https:\/\/bmpinteriorismo.com\/#\/schema\/logo\/image\/","url":"https:\/\/bmpinteriorismo.com\/wp-content\/uploads\/2021\/03\/cropped-BMP-INTERIORISMO-scaled-1.jpg","contentUrl":"https:\/\/bmpinteriorismo.com\/wp-content\/uploads\/2021\/03\/cropped-BMP-INTERIORISMO-scaled-1.jpg","width":512,"height":512,"caption":"BMP-Interiorismo"},"image":{"@id":"https:\/\/bmpinteriorismo.com\/#\/schema\/logo\/image\/"},"sameAs":["https:\/\/www.facebook.com\/BMP-Interiorismo-408904656501562\/","https:\/\/www.instagram.com\/bmp_interiorismo\/","https:\/\/www.pinterest.es\/bmpinteriorismo\/_created\/"]},{"@type":"Person","@id":"https:\/\/bmpinteriorismo.com\/#\/schema\/person\/0d59c282124f3bbd1c0ca5e5ff31b4c8","name":"BMP","sameAs":["https:\/\/bmpinteriorismo.com"]}]}},"_links":{"self":[{"href":"https:\/\/bmpinteriorismo.com\/index.php?rest_route=\/wp\/v2\/posts\/1198","targetHints":{"allow":["GET"]}}],"collection":[{"href":"https:\/\/bmpinteriorismo.com\/index.php?rest_route=\/wp\/v2\/posts"}],"about":[{"href":"https:\/\/bmpinteriorismo.com\/index.php?rest_route=\/wp\/v2\/types\/post"}],"author":[{"embeddable":true,"href":"https:\/\/bmpinteriorismo.com\/index.php?rest_route=\/wp\/v2\/users\/1"}],"replies":[{"embeddable":true,"href":"https:\/\/bmpinteriorismo.com\/index.php?rest_route=%2Fwp%2Fv2%2Fcomments&post=1198"}],"version-history":[{"count":1,"href":"https:\/\/bmpinteriorismo.com\/index.php?rest_route=\/wp\/v2\/posts\/1198\/revisions"}],"predecessor-version":[{"id":1200,"href":"https:\/\/bmpinteriorismo.com\/index.php?rest_route=\/wp\/v2\/posts\/1198\/revisions\/1200"}],"wp:attachment":[{"href":"https:\/\/bmpinteriorismo.com\/index.php?rest_route=%2Fwp%2Fv2%2Fmedia&parent=1198"}],"wp:term":[{"taxonomy":"category","embeddable":true,"href":"https:\/\/bmpinteriorismo.com\/index.php?rest_route=%2Fwp%2Fv2%2Fcategories&post=1198"},{"taxonomy":"post_tag","embeddable":true,"href":"https:\/\/bmpinteriorismo.com\/index.php?rest_route=%2Fwp%2Fv2%2Ftags&post=1198"}],"curies":[{"name":"wp","href":"https:\/\/api.w.org\/{rel}","templated":true}]}}