{"id":1060,"date":"2024-08-27T10:46:32","date_gmt":"2024-08-27T10:46:32","guid":{"rendered":"https:\/\/bmpinteriorismo.com\/?p=1060"},"modified":"2024-08-27T10:48:43","modified_gmt":"2024-08-27T10:48:43","slug":"tips-para-decorar-espacios-infantiles-para-la-vuelta-al-cole","status":"publish","type":"post","link":"https:\/\/bmpinteriorismo.com\/?p=1060","title":{"rendered":"Decorando espacios infantiles para la vuelta al cole."},"content":{"rendered":"\n<p class=\"wp-block-paragraph\"><strong>Decorando Espacios Infantiles para la Vuelta al Cole<\/strong><\/p>\n\n\n\n<p class=\"wp-block-paragraph\">La vuelta al cole es un momento emocionante tanto para los ni\u00f1os como para los padres. Con el inicio del nuevo a\u00f1o escolar, es fundamental crear un ambiente que motive el aprendizaje y la creatividad. Aqu\u00ed te ofrecemos algunas ideas para decorar espacios infantiles que inspiren a los peque\u00f1os a dar lo mejor de s\u00ed.<\/p>\n\n\n\n<p class=\"wp-block-paragraph\"><strong>1. Colores Vibrantes:<\/strong> La elecci\u00f3n de colores es crucial en la decoraci\u00f3n de espacios infantiles. Utiliza tonos alegres como el amarillo, azul o verde para pintar las paredes o a\u00f1adir detalles en muebles. Estos colores estimulan la creatividad y mantienen la energ\u00eda en el ambiente.<\/p>\n\n\n\n<p class=\"wp-block-paragraph\"><strong>2. Espacio de Estudio:<\/strong> Dedica un rinc\u00f3n de la habitaci\u00f3n como zona de trabajo. Escoge un escritorio adecuado a su tama\u00f1o y una silla c\u00f3moda. Personaliza este espacio con pizarras blancas o corcho donde puedan colgar sus trabajos y recordatorios. Adem\u00e1s, una l\u00e1mpara colorida puede a\u00f1adir un toque divertido y funcional.<\/p>\n\n\n\n<p class=\"wp-block-paragraph\"><strong>3. Elementos Inspiradores:<\/strong> Incorpora elementos que fomenten la curiosidad y el aprendizaje. Por ejemplo, posters educativos de mapas, tablas peri\u00f3dicas o citas motivacionales son una excelente opci\u00f3n. Tambi\u00e9n puedes incluir estantes con libros accesibles para que puedan elegir qu\u00e9 leer en su tiempo libre.<\/p>\n\n\n\n<p class=\"wp-block-paragraph\"><strong>4. \u00c1reas de Juego:<\/strong> No olvides la importancia del juego en el desarrollo infantil. Reserva un espacio dise\u00f1ado para la diversi\u00f3n, con alfombras c\u00f3modas, cojines y juguetes organizados en estanter\u00edas o cajas tem\u00e1ticas. Un rinc\u00f3n de lectura tambi\u00e9n es ideal para fomentar el h\u00e1bito de la lectura.<\/p>\n\n\n\n<p class=\"wp-block-paragraph\"><strong>5. Personalizaci\u00f3n:<\/strong> Por \u00faltimo, permite que los ni\u00f1os participen en la decoraci\u00f3n de su espacio. Esto no solo les dar\u00e1 un sentido de pertenencia, sino que tambi\u00e9n les permitir\u00e1 expresarse. Pueden elegir sus propias l\u00e1mparas, cortinas o incluso temas decorativos.<\/p>\n\n\n\n<p class=\"wp-block-paragraph\">Decorar espacios infantiles para la Vuelta al Cole y transformarlos  en un lugar acogedor y estimulante para la vuelta al cole puede hacer una gran diferencia en su experiencia educativa. \u00a1An\u00edmate a crear un lugar donde aprender sea un placer!<\/p>\n\n\n\n<p class=\"wp-block-paragraph\">Si deseas ayuda para dise\u00f1ar el espacio de tus hijos, no dudes en escribirnos. Juntos podemos crear el espacio que so\u00f1ais.<\/p>\n\n\n\n<p class=\"wp-block-paragraph\"><\/p>\n\n\n\n<div class=\"wp-block-columns is-layout-flex wp-container-core-columns-is-layout-8f761849 wp-block-columns-is-layout-flex\">\n<div class=\"wp-block-column is-layout-flow wp-block-column-is-layout-flow\" style=\"flex-basis:50%\">\n<figure data-wp-context=\"{&quot;imageId&quot;:&quot;6a9a6e78c8bfa&quot;}\" data-wp-interactive=\"core\/image\" data-wp-key=\"6a9a6e78c8bfa\" class=\"wp-block-image size-full is-resized wp-lightbox-container\"><img loading=\"lazy\" decoding=\"async\" width=\"735\" height=\"916\" data-wp-class--hide=\"state.isContentHidden\" data-wp-class--show=\"state.isContentVisible\" data-wp-init=\"callbacks.setButtonStyles\" data-wp-on--click=\"actions.showLightbox\" data-wp-on--load=\"callbacks.setButtonStyles\" data-wp-on--pointerdown=\"actions.preloadImage\" data-wp-on--pointerenter=\"actions.preloadImageWithDelay\" data-wp-on--pointerleave=\"actions.cancelPreload\" data-wp-on-window--resize=\"callbacks.setButtonStyles\" src=\"https:\/\/bmpinteriorismo.com\/wp-content\/uploads\/2024\/08\/kids-01.jpeg\" alt=\"Decorando Espacios Infantiles para la Vuelta al Cole\" class=\"wp-image-1061\" style=\"object-fit:cover;width:405px;height:537px\" srcset=\"https:\/\/bmpinteriorismo.com\/wp-content\/uploads\/2024\/08\/kids-01.jpeg 735w, https:\/\/bmpinteriorismo.com\/wp-content\/uploads\/2024\/08\/kids-01-241x300.jpeg 241w\" sizes=\"auto, (max-width: 735px) 100vw, 735px\" \/><button\n\t\t\tclass=\"lightbox-trigger\"\n\t\t\ttype=\"button\"\n\t\t\taria-haspopup=\"dialog\"\n\t\t\tdata-wp-bind--aria-label=\"state.thisImage.triggerButtonAriaLabel\"\n\t\t\tdata-wp-init=\"callbacks.initTriggerButton\"\n\t\t\tdata-wp-on--click=\"actions.showLightbox\"\n\t\t\tdata-wp-style--right=\"state.thisImage.buttonRight\"\n\t\t\tdata-wp-style--top=\"state.thisImage.buttonTop\"\n\t\t>\n\t\t\t<svg xmlns=\"http:\/\/www.w3.org\/2000\/svg\" width=\"12\" height=\"12\" fill=\"none\" viewBox=\"0 0 12 12\">\n\t\t\t\t<path fill=\"#fff\" d=\"M2 0a2 2 0 0 0-2 2v2h1.5V2a.5.5 0 0 1 .5-.5h2V0H2Zm2 10.5H2a.5.5 0 0 1-.5-.5V8H0v2a2 2 0 0 0 2 2h2v-1.5ZM8 12v-1.5h2a.5.5 0 0 0 .5-.5V8H12v2a2 2 0 0 1-2 2H8Zm2-12a2 2 0 0 1 2 2v2h-1.5V2a.5.5 0 0 0-.5-.5H8V0h2Z\" \/>\n\t\t\t<\/svg>\n\t\t<\/button><\/figure>\n\n\n\n<div class=\"wp-block-columns is-layout-flex wp-container-core-columns-is-layout-8f761849 wp-block-columns-is-layout-flex\">\n<div class=\"wp-block-column is-layout-flow wp-block-column-is-layout-flow\">\n<figure data-wp-context=\"{&quot;imageId&quot;:&quot;6a9a6e78c9390&quot;}\" data-wp-interactive=\"core\/image\" data-wp-key=\"6a9a6e78c9390\" class=\"wp-block-image size-full is-resized wp-lightbox-container\"><img loading=\"lazy\" decoding=\"async\" width=\"736\" height=\"981\" data-wp-class--hide=\"state.isContentHidden\" data-wp-class--show=\"state.isContentVisible\" data-wp-init=\"callbacks.setButtonStyles\" data-wp-on--click=\"actions.showLightbox\" data-wp-on--load=\"callbacks.setButtonStyles\" data-wp-on--pointerdown=\"actions.preloadImage\" data-wp-on--pointerenter=\"actions.preloadImageWithDelay\" data-wp-on--pointerleave=\"actions.cancelPreload\" data-wp-on-window--resize=\"callbacks.setButtonStyles\" src=\"https:\/\/bmpinteriorismo.com\/wp-content\/uploads\/2024\/08\/kids-04.jpeg\" alt=\"Decorando Espacios Infantiles para la Vuelta al Cole\" class=\"wp-image-1064\" style=\"object-fit:cover;width:405px;height:537px\" srcset=\"https:\/\/bmpinteriorismo.com\/wp-content\/uploads\/2024\/08\/kids-04.jpeg 736w, https:\/\/bmpinteriorismo.com\/wp-content\/uploads\/2024\/08\/kids-04-225x300.jpeg 225w\" sizes=\"auto, (max-width: 736px) 100vw, 736px\" \/><button\n\t\t\tclass=\"lightbox-trigger\"\n\t\t\ttype=\"button\"\n\t\t\taria-haspopup=\"dialog\"\n\t\t\tdata-wp-bind--aria-label=\"state.thisImage.triggerButtonAriaLabel\"\n\t\t\tdata-wp-init=\"callbacks.initTriggerButton\"\n\t\t\tdata-wp-on--click=\"actions.showLightbox\"\n\t\t\tdata-wp-style--right=\"state.thisImage.buttonRight\"\n\t\t\tdata-wp-style--top=\"state.thisImage.buttonTop\"\n\t\t>\n\t\t\t<svg xmlns=\"http:\/\/www.w3.org\/2000\/svg\" width=\"12\" height=\"12\" fill=\"none\" viewBox=\"0 0 12 12\">\n\t\t\t\t<path fill=\"#fff\" d=\"M2 0a2 2 0 0 0-2 2v2h1.5V2a.5.5 0 0 1 .5-.5h2V0H2Zm2 10.5H2a.5.5 0 0 1-.5-.5V8H0v2a2 2 0 0 0 2 2h2v-1.5ZM8 12v-1.5h2a.5.5 0 0 0 .5-.5V8H12v2a2 2 0 0 1-2 2H8Zm2-12a2 2 0 0 1 2 2v2h-1.5V2a.5.5 0 0 0-.5-.5H8V0h2Z\" \/>\n\t\t\t<\/svg>\n\t\t<\/button><\/figure>\n<\/div>\n<\/div>\n\n\n\n<figure class=\"wp-block-image size-full\"><a href=\"https:\/\/bmpinteriorismo.com\/wp-content\/uploads\/2024\/08\/kids-05.jpeg\" data-lightbox=\"gal[1060]\"><img loading=\"lazy\" decoding=\"async\" width=\"736\" height=\"920\" src=\"https:\/\/bmpinteriorismo.com\/wp-content\/uploads\/2024\/08\/kids-05.jpeg\" alt=\"\" class=\"wp-image-1065\" srcset=\"https:\/\/bmpinteriorismo.com\/wp-content\/uploads\/2024\/08\/kids-05.jpeg 736w, https:\/\/bmpinteriorismo.com\/wp-content\/uploads\/2024\/08\/kids-05-240x300.jpeg 240w\" sizes=\"auto, (max-width: 736px) 100vw, 736px\" \/><\/a><\/figure>\n<\/div>\n\n\n\n<div class=\"wp-block-column is-layout-flow wp-block-column-is-layout-flow\" style=\"flex-basis:50%\">\n<figure data-wp-context=\"{&quot;imageId&quot;:&quot;6a9a6e78ca2ba&quot;}\" data-wp-interactive=\"core\/image\" data-wp-key=\"6a9a6e78ca2ba\" class=\"wp-block-image size-full is-resized wp-lightbox-container\"><img loading=\"lazy\" decoding=\"async\" width=\"560\" height=\"840\" data-wp-class--hide=\"state.isContentHidden\" data-wp-class--show=\"state.isContentVisible\" data-wp-init=\"callbacks.setButtonStyles\" data-wp-on--click=\"actions.showLightbox\" data-wp-on--load=\"callbacks.setButtonStyles\" data-wp-on--pointerdown=\"actions.preloadImage\" data-wp-on--pointerenter=\"actions.preloadImageWithDelay\" data-wp-on--pointerleave=\"actions.cancelPreload\" data-wp-on-window--resize=\"callbacks.setButtonStyles\" src=\"https:\/\/bmpinteriorismo.com\/wp-content\/uploads\/2024\/08\/kids-02.jpeg\" alt=\"Decorando Espacios Infantiles para la Vuelta al Cole\" class=\"wp-image-1062\" style=\"object-fit:cover;width:405px;height:537px\" srcset=\"https:\/\/bmpinteriorismo.com\/wp-content\/uploads\/2024\/08\/kids-02.jpeg 560w, https:\/\/bmpinteriorismo.com\/wp-content\/uploads\/2024\/08\/kids-02-200x300.jpeg 200w\" sizes=\"auto, (max-width: 560px) 100vw, 560px\" \/><button\n\t\t\tclass=\"lightbox-trigger\"\n\t\t\ttype=\"button\"\n\t\t\taria-haspopup=\"dialog\"\n\t\t\tdata-wp-bind--aria-label=\"state.thisImage.triggerButtonAriaLabel\"\n\t\t\tdata-wp-init=\"callbacks.initTriggerButton\"\n\t\t\tdata-wp-on--click=\"actions.showLightbox\"\n\t\t\tdata-wp-style--right=\"state.thisImage.buttonRight\"\n\t\t\tdata-wp-style--top=\"state.thisImage.buttonTop\"\n\t\t>\n\t\t\t<svg xmlns=\"http:\/\/www.w3.org\/2000\/svg\" width=\"12\" height=\"12\" fill=\"none\" viewBox=\"0 0 12 12\">\n\t\t\t\t<path fill=\"#fff\" d=\"M2 0a2 2 0 0 0-2 2v2h1.5V2a.5.5 0 0 1 .5-.5h2V0H2Zm2 10.5H2a.5.5 0 0 1-.5-.5V8H0v2a2 2 0 0 0 2 2h2v-1.5ZM8 12v-1.5h2a.5.5 0 0 0 .5-.5V8H12v2a2 2 0 0 1-2 2H8Zm2-12a2 2 0 0 1 2 2v2h-1.5V2a.5.5 0 0 0-.5-.5H8V0h2Z\" \/>\n\t\t\t<\/svg>\n\t\t<\/button><\/figure>\n\n\n\n<div class=\"wp-block-columns is-layout-flex wp-container-core-columns-is-layout-8f761849 wp-block-columns-is-layout-flex\">\n<div class=\"wp-block-column is-layout-flow wp-block-column-is-layout-flow\">\n<figure data-wp-context=\"{&quot;imageId&quot;:&quot;6a9a6e78ca7c6&quot;}\" data-wp-interactive=\"core\/image\" data-wp-key=\"6a9a6e78ca7c6\" class=\"wp-block-image size-full is-resized wp-lightbox-container\"><img loading=\"lazy\" decoding=\"async\" width=\"736\" height=\"837\" data-wp-class--hide=\"state.isContentHidden\" data-wp-class--show=\"state.isContentVisible\" data-wp-init=\"callbacks.setButtonStyles\" data-wp-on--click=\"actions.showLightbox\" data-wp-on--load=\"callbacks.setButtonStyles\" data-wp-on--pointerdown=\"actions.preloadImage\" data-wp-on--pointerenter=\"actions.preloadImageWithDelay\" data-wp-on--pointerleave=\"actions.cancelPreload\" data-wp-on-window--resize=\"callbacks.setButtonStyles\" src=\"https:\/\/bmpinteriorismo.com\/wp-content\/uploads\/2024\/08\/kids-03.jpeg\" alt=\"Decorando Espacios Infantiles para la Vuelta al Cole\" class=\"wp-image-1063\" style=\"object-fit:cover;width:405px;height:537px\" srcset=\"https:\/\/bmpinteriorismo.com\/wp-content\/uploads\/2024\/08\/kids-03.jpeg 736w, https:\/\/bmpinteriorismo.com\/wp-content\/uploads\/2024\/08\/kids-03-264x300.jpeg 264w\" sizes=\"auto, (max-width: 736px) 100vw, 736px\" \/><button\n\t\t\tclass=\"lightbox-trigger\"\n\t\t\ttype=\"button\"\n\t\t\taria-haspopup=\"dialog\"\n\t\t\tdata-wp-bind--aria-label=\"state.thisImage.triggerButtonAriaLabel\"\n\t\t\tdata-wp-init=\"callbacks.initTriggerButton\"\n\t\t\tdata-wp-on--click=\"actions.showLightbox\"\n\t\t\tdata-wp-style--right=\"state.thisImage.buttonRight\"\n\t\t\tdata-wp-style--top=\"state.thisImage.buttonTop\"\n\t\t>\n\t\t\t<svg xmlns=\"http:\/\/www.w3.org\/2000\/svg\" width=\"12\" height=\"12\" fill=\"none\" viewBox=\"0 0 12 12\">\n\t\t\t\t<path fill=\"#fff\" d=\"M2 0a2 2 0 0 0-2 2v2h1.5V2a.5.5 0 0 1 .5-.5h2V0H2Zm2 10.5H2a.5.5 0 0 1-.5-.5V8H0v2a2 2 0 0 0 2 2h2v-1.5ZM8 12v-1.5h2a.5.5 0 0 0 .5-.5V8H12v2a2 2 0 0 1-2 2H8Zm2-12a2 2 0 0 1 2 2v2h-1.5V2a.5.5 0 0 0-.5-.5H8V0h2Z\" \/>\n\t\t\t<\/svg>\n\t\t<\/button><\/figure>\n<\/div>\n<\/div>\n\n\n\n<figure class=\"wp-block-image size-large is-resized\"><img loading=\"lazy\" decoding=\"async\" width=\"682\" height=\"1024\" src=\"https:\/\/bmpinteriorismo.com\/wp-content\/uploads\/2024\/08\/kids-06-682x1024.jpeg\" alt=\"\" class=\"wp-image-1066\" style=\"aspect-ratio:0.7541899441340782;object-fit:cover;width:380px;height:auto\" srcset=\"https:\/\/bmpinteriorismo.com\/wp-content\/uploads\/2024\/08\/kids-06-682x1024.jpeg 682w, https:\/\/bmpinteriorismo.com\/wp-content\/uploads\/2024\/08\/kids-06-200x300.jpeg 200w, https:\/\/bmpinteriorismo.com\/wp-content\/uploads\/2024\/08\/kids-06.jpeg 736w\" sizes=\"auto, (max-width: 682px) 100vw, 682px\" \/><\/figure>\n<\/div>\n<\/div>\n","protected":false},"excerpt":{"rendered":"<p>Decorando Espacios Infantiles para la Vuelta al Cole La vuelta al cole es un momento emocionante tanto para los ni\u00f1os como para los padres. Con el inicio del nuevo a\u00f1o escolar, es fundamental crear un ambiente que motive el aprendizaje y la creatividad. Aqu\u00ed te ofrecemos algunas ideas para decorar espacios infantiles que inspiren a [&hellip;]<\/p>\n","protected":false},"author":1,"featured_media":0,"comment_status":"open","ping_status":"open","sticky":false,"template":"","format":"standard","meta":{"footnotes":""},"categories":[9],"tags":[25,62,16,63,30,4],"class_list":["post-1060","post","type-post","status-publish","format-standard","hentry","category-deco","tag-decoracion","tag-decoracion-ninos","tag-disenodeinteriores","tag-dormitorio-infantil","tag-interiordesign","tag-interiorismo"],"yoast_head":"<!-- This site is optimized with the Yoast SEO plugin v28.4 - https:\/\/yoast.com\/product\/yoast-seo-wordpress\/ -->\n<title>Decorando Espacios Infantiles para la Vuelta al Cole<\/title>\n<meta name=\"description\" content=\"Decorando Espacios Infantiles para la Vuelta al Cole Tips para preparar la vuelta al cole de la habitaci\u00f3n de tus hijos y no equivocarte.\" \/>\n<meta name=\"robots\" content=\"index, follow, max-snippet:-1, max-image-preview:large, max-video-preview:-1\" \/>\n<link rel=\"canonical\" href=\"https:\/\/bmpinteriorismo.com\/?p=1060\" \/>\n<meta property=\"og:locale\" content=\"es_ES\" \/>\n<meta property=\"og:type\" content=\"article\" \/>\n<meta property=\"og:title\" content=\"Decorando Espacios Infantiles para la Vuelta al Cole\" \/>\n<meta property=\"og:description\" content=\"Decorando Espacios Infantiles para la Vuelta al Cole Tips para preparar la vuelta al cole de la habitaci\u00f3n de tus hijos y no equivocarte.\" \/>\n<meta property=\"og:url\" content=\"https:\/\/bmpinteriorismo.com\/?p=1060\" \/>\n<meta property=\"og:site_name\" content=\"Bmp-Interiorismo\" \/>\n<meta property=\"article:publisher\" content=\"https:\/\/www.facebook.com\/BMP-Interiorismo-408904656501562\/\" \/>\n<meta property=\"article:published_time\" content=\"2024-08-27T10:46:32+00:00\" \/>\n<meta property=\"article:modified_time\" content=\"2024-08-27T10:48:43+00:00\" \/>\n<meta property=\"og:image\" content=\"https:\/\/bmpinteriorismo.com\/wp-content\/uploads\/2024\/08\/kids-01.jpeg\" \/>\n<meta name=\"author\" content=\"BMP\" \/>\n<meta name=\"twitter:card\" content=\"summary_large_image\" \/>\n<meta name=\"twitter:label1\" content=\"Escrito por\" \/>\n\t<meta name=\"twitter:data1\" content=\"BMP\" \/>\n\t<meta name=\"twitter:label2\" content=\"Tiempo de lectura\" \/>\n\t<meta name=\"twitter:data2\" content=\"2 minutos\" \/>\n<script type=\"application\/ld+json\" class=\"yoast-schema-graph\">{\"@context\":\"https:\\\/\\\/schema.org\",\"@graph\":[{\"@type\":\"Article\",\"@id\":\"https:\\\/\\\/bmpinteriorismo.com\\\/?p=1060#article\",\"isPartOf\":{\"@id\":\"https:\\\/\\\/bmpinteriorismo.com\\\/?p=1060\"},\"author\":{\"name\":\"BMP\",\"@id\":\"https:\\\/\\\/bmpinteriorismo.com\\\/#\\\/schema\\\/person\\\/0d59c282124f3bbd1c0ca5e5ff31b4c8\"},\"headline\":\"Decorando espacios infantiles para la vuelta al cole.\",\"datePublished\":\"2024-08-27T10:46:32+00:00\",\"dateModified\":\"2024-08-27T10:48:43+00:00\",\"mainEntityOfPage\":{\"@id\":\"https:\\\/\\\/bmpinteriorismo.com\\\/?p=1060\"},\"wordCount\":387,\"commentCount\":10,\"publisher\":{\"@id\":\"https:\\\/\\\/bmpinteriorismo.com\\\/#organization\"},\"image\":{\"@id\":\"https:\\\/\\\/bmpinteriorismo.com\\\/?p=1060#primaryimage\"},\"thumbnailUrl\":\"https:\\\/\\\/bmpinteriorismo.com\\\/wp-content\\\/uploads\\\/2024\\\/08\\\/kids-01.jpeg\",\"keywords\":[\"decoracion\",\"decoracion ni\u00f1os\",\"dise\u00f1odeinteriores\",\"dormitorio infantil\",\"interiordesign\",\"Interiorismo\"],\"articleSection\":[\"Deco\"],\"inLanguage\":\"es\",\"potentialAction\":[{\"@type\":\"CommentAction\",\"name\":\"Comment\",\"target\":[\"https:\\\/\\\/bmpinteriorismo.com\\\/?p=1060#respond\"]}]},{\"@type\":\"WebPage\",\"@id\":\"https:\\\/\\\/bmpinteriorismo.com\\\/?p=1060\",\"url\":\"https:\\\/\\\/bmpinteriorismo.com\\\/?p=1060\",\"name\":\"Decorando Espacios Infantiles para la Vuelta al Cole\",\"isPartOf\":{\"@id\":\"https:\\\/\\\/bmpinteriorismo.com\\\/#website\"},\"primaryImageOfPage\":{\"@id\":\"https:\\\/\\\/bmpinteriorismo.com\\\/?p=1060#primaryimage\"},\"image\":{\"@id\":\"https:\\\/\\\/bmpinteriorismo.com\\\/?p=1060#primaryimage\"},\"thumbnailUrl\":\"https:\\\/\\\/bmpinteriorismo.com\\\/wp-content\\\/uploads\\\/2024\\\/08\\\/kids-01.jpeg\",\"datePublished\":\"2024-08-27T10:46:32+00:00\",\"dateModified\":\"2024-08-27T10:48:43+00:00\",\"description\":\"Decorando Espacios Infantiles para la Vuelta al Cole Tips para preparar la vuelta al cole de la habitaci\u00f3n de tus hijos y no equivocarte.\",\"breadcrumb\":{\"@id\":\"https:\\\/\\\/bmpinteriorismo.com\\\/?p=1060#breadcrumb\"},\"inLanguage\":\"es\",\"potentialAction\":[{\"@type\":\"ReadAction\",\"target\":[\"https:\\\/\\\/bmpinteriorismo.com\\\/?p=1060\"]}]},{\"@type\":\"ImageObject\",\"inLanguage\":\"es\",\"@id\":\"https:\\\/\\\/bmpinteriorismo.com\\\/?p=1060#primaryimage\",\"url\":\"https:\\\/\\\/bmpinteriorismo.com\\\/wp-content\\\/uploads\\\/2024\\\/08\\\/kids-01.jpeg\",\"contentUrl\":\"https:\\\/\\\/bmpinteriorismo.com\\\/wp-content\\\/uploads\\\/2024\\\/08\\\/kids-01.jpeg\",\"width\":735,\"height\":916},{\"@type\":\"BreadcrumbList\",\"@id\":\"https:\\\/\\\/bmpinteriorismo.com\\\/?p=1060#breadcrumb\",\"itemListElement\":[{\"@type\":\"ListItem\",\"position\":1,\"name\":\"Portada\",\"item\":\"https:\\\/\\\/bmpinteriorismo.com\\\/\"},{\"@type\":\"ListItem\",\"position\":2,\"name\":\"Decorando espacios infantiles para la vuelta al cole.\"}]},{\"@type\":\"WebSite\",\"@id\":\"https:\\\/\\\/bmpinteriorismo.com\\\/#website\",\"url\":\"https:\\\/\\\/bmpinteriorismo.com\\\/\",\"name\":\"Bmp-Interiorismo\",\"description\":\"Proyectos de reformas, dise\u00f1o de interiores y decoraci\u00f3n.\",\"publisher\":{\"@id\":\"https:\\\/\\\/bmpinteriorismo.com\\\/#organization\"},\"potentialAction\":[{\"@type\":\"SearchAction\",\"target\":{\"@type\":\"EntryPoint\",\"urlTemplate\":\"https:\\\/\\\/bmpinteriorismo.com\\\/?s={search_term_string}\"},\"query-input\":{\"@type\":\"PropertyValueSpecification\",\"valueRequired\":true,\"valueName\":\"search_term_string\"}}],\"inLanguage\":\"es\"},{\"@type\":\"Organization\",\"@id\":\"https:\\\/\\\/bmpinteriorismo.com\\\/#organization\",\"name\":\"BMP-Interiorismo\",\"url\":\"https:\\\/\\\/bmpinteriorismo.com\\\/\",\"logo\":{\"@type\":\"ImageObject\",\"inLanguage\":\"es\",\"@id\":\"https:\\\/\\\/bmpinteriorismo.com\\\/#\\\/schema\\\/logo\\\/image\\\/\",\"url\":\"https:\\\/\\\/bmpinteriorismo.com\\\/wp-content\\\/uploads\\\/2021\\\/03\\\/cropped-BMP-INTERIORISMO-scaled-1.jpg\",\"contentUrl\":\"https:\\\/\\\/bmpinteriorismo.com\\\/wp-content\\\/uploads\\\/2021\\\/03\\\/cropped-BMP-INTERIORISMO-scaled-1.jpg\",\"width\":512,\"height\":512,\"caption\":\"BMP-Interiorismo\"},\"image\":{\"@id\":\"https:\\\/\\\/bmpinteriorismo.com\\\/#\\\/schema\\\/logo\\\/image\\\/\"},\"sameAs\":[\"https:\\\/\\\/www.facebook.com\\\/BMP-Interiorismo-408904656501562\\\/\",\"https:\\\/\\\/www.instagram.com\\\/bmp_interiorismo\\\/\",\"https:\\\/\\\/www.pinterest.es\\\/bmpinteriorismo\\\/_created\\\/\"]},{\"@type\":\"Person\",\"@id\":\"https:\\\/\\\/bmpinteriorismo.com\\\/#\\\/schema\\\/person\\\/0d59c282124f3bbd1c0ca5e5ff31b4c8\",\"name\":\"BMP\",\"sameAs\":[\"https:\\\/\\\/bmpinteriorismo.com\"]}]}<\/script>\n<!-- \/ Yoast SEO plugin. -->","yoast_head_json":{"title":"Decorando Espacios Infantiles para la Vuelta al Cole","description":"Decorando Espacios Infantiles para la Vuelta al Cole Tips para preparar la vuelta al cole de la habitaci\u00f3n de tus hijos y no equivocarte.","robots":{"index":"index","follow":"follow","max-snippet":"max-snippet:-1","max-image-preview":"max-image-preview:large","max-video-preview":"max-video-preview:-1"},"canonical":"https:\/\/bmpinteriorismo.com\/?p=1060","og_locale":"es_ES","og_type":"article","og_title":"Decorando Espacios Infantiles para la Vuelta al Cole","og_description":"Decorando Espacios Infantiles para la Vuelta al Cole Tips para preparar la vuelta al cole de la habitaci\u00f3n de tus hijos y no equivocarte.","og_url":"https:\/\/bmpinteriorismo.com\/?p=1060","og_site_name":"Bmp-Interiorismo","article_publisher":"https:\/\/www.facebook.com\/BMP-Interiorismo-408904656501562\/","article_published_time":"2024-08-27T10:46:32+00:00","article_modified_time":"2024-08-27T10:48:43+00:00","og_image":[{"url":"https:\/\/bmpinteriorismo.com\/wp-content\/uploads\/2024\/08\/kids-01.jpeg","type":"","width":"","height":""}],"author":"BMP","twitter_card":"summary_large_image","twitter_misc":{"Escrito por":"BMP","Tiempo de lectura":"2 minutos"},"schema":{"@context":"https:\/\/schema.org","@graph":[{"@type":"Article","@id":"https:\/\/bmpinteriorismo.com\/?p=1060#article","isPartOf":{"@id":"https:\/\/bmpinteriorismo.com\/?p=1060"},"author":{"name":"BMP","@id":"https:\/\/bmpinteriorismo.com\/#\/schema\/person\/0d59c282124f3bbd1c0ca5e5ff31b4c8"},"headline":"Decorando espacios infantiles para la vuelta al cole.","datePublished":"2024-08-27T10:46:32+00:00","dateModified":"2024-08-27T10:48:43+00:00","mainEntityOfPage":{"@id":"https:\/\/bmpinteriorismo.com\/?p=1060"},"wordCount":387,"commentCount":10,"publisher":{"@id":"https:\/\/bmpinteriorismo.com\/#organization"},"image":{"@id":"https:\/\/bmpinteriorismo.com\/?p=1060#primaryimage"},"thumbnailUrl":"https:\/\/bmpinteriorismo.com\/wp-content\/uploads\/2024\/08\/kids-01.jpeg","keywords":["decoracion","decoracion ni\u00f1os","dise\u00f1odeinteriores","dormitorio infantil","interiordesign","Interiorismo"],"articleSection":["Deco"],"inLanguage":"es","potentialAction":[{"@type":"CommentAction","name":"Comment","target":["https:\/\/bmpinteriorismo.com\/?p=1060#respond"]}]},{"@type":"WebPage","@id":"https:\/\/bmpinteriorismo.com\/?p=1060","url":"https:\/\/bmpinteriorismo.com\/?p=1060","name":"Decorando Espacios Infantiles para la Vuelta al Cole","isPartOf":{"@id":"https:\/\/bmpinteriorismo.com\/#website"},"primaryImageOfPage":{"@id":"https:\/\/bmpinteriorismo.com\/?p=1060#primaryimage"},"image":{"@id":"https:\/\/bmpinteriorismo.com\/?p=1060#primaryimage"},"thumbnailUrl":"https:\/\/bmpinteriorismo.com\/wp-content\/uploads\/2024\/08\/kids-01.jpeg","datePublished":"2024-08-27T10:46:32+00:00","dateModified":"2024-08-27T10:48:43+00:00","description":"Decorando Espacios Infantiles para la Vuelta al Cole Tips para preparar la vuelta al cole de la habitaci\u00f3n de tus hijos y no equivocarte.","breadcrumb":{"@id":"https:\/\/bmpinteriorismo.com\/?p=1060#breadcrumb"},"inLanguage":"es","potentialAction":[{"@type":"ReadAction","target":["https:\/\/bmpinteriorismo.com\/?p=1060"]}]},{"@type":"ImageObject","inLanguage":"es","@id":"https:\/\/bmpinteriorismo.com\/?p=1060#primaryimage","url":"https:\/\/bmpinteriorismo.com\/wp-content\/uploads\/2024\/08\/kids-01.jpeg","contentUrl":"https:\/\/bmpinteriorismo.com\/wp-content\/uploads\/2024\/08\/kids-01.jpeg","width":735,"height":916},{"@type":"BreadcrumbList","@id":"https:\/\/bmpinteriorismo.com\/?p=1060#breadcrumb","itemListElement":[{"@type":"ListItem","position":1,"name":"Portada","item":"https:\/\/bmpinteriorismo.com\/"},{"@type":"ListItem","position":2,"name":"Decorando espacios infantiles para la vuelta al cole."}]},{"@type":"WebSite","@id":"https:\/\/bmpinteriorismo.com\/#website","url":"https:\/\/bmpinteriorismo.com\/","name":"Bmp-Interiorismo","description":"Proyectos de reformas, dise\u00f1o de interiores y decoraci\u00f3n.","publisher":{"@id":"https:\/\/bmpinteriorismo.com\/#organization"},"potentialAction":[{"@type":"SearchAction","target":{"@type":"EntryPoint","urlTemplate":"https:\/\/bmpinteriorismo.com\/?s={search_term_string}"},"query-input":{"@type":"PropertyValueSpecification","valueRequired":true,"valueName":"search_term_string"}}],"inLanguage":"es"},{"@type":"Organization","@id":"https:\/\/bmpinteriorismo.com\/#organization","name":"BMP-Interiorismo","url":"https:\/\/bmpinteriorismo.com\/","logo":{"@type":"ImageObject","inLanguage":"es","@id":"https:\/\/bmpinteriorismo.com\/#\/schema\/logo\/image\/","url":"https:\/\/bmpinteriorismo.com\/wp-content\/uploads\/2021\/03\/cropped-BMP-INTERIORISMO-scaled-1.jpg","contentUrl":"https:\/\/bmpinteriorismo.com\/wp-content\/uploads\/2021\/03\/cropped-BMP-INTERIORISMO-scaled-1.jpg","width":512,"height":512,"caption":"BMP-Interiorismo"},"image":{"@id":"https:\/\/bmpinteriorismo.com\/#\/schema\/logo\/image\/"},"sameAs":["https:\/\/www.facebook.com\/BMP-Interiorismo-408904656501562\/","https:\/\/www.instagram.com\/bmp_interiorismo\/","https:\/\/www.pinterest.es\/bmpinteriorismo\/_created\/"]},{"@type":"Person","@id":"https:\/\/bmpinteriorismo.com\/#\/schema\/person\/0d59c282124f3bbd1c0ca5e5ff31b4c8","name":"BMP","sameAs":["https:\/\/bmpinteriorismo.com"]}]}},"_links":{"self":[{"href":"https:\/\/bmpinteriorismo.com\/index.php?rest_route=\/wp\/v2\/posts\/1060","targetHints":{"allow":["GET"]}}],"collection":[{"href":"https:\/\/bmpinteriorismo.com\/index.php?rest_route=\/wp\/v2\/posts"}],"about":[{"href":"https:\/\/bmpinteriorismo.com\/index.php?rest_route=\/wp\/v2\/types\/post"}],"author":[{"embeddable":true,"href":"https:\/\/bmpinteriorismo.com\/index.php?rest_route=\/wp\/v2\/users\/1"}],"replies":[{"embeddable":true,"href":"https:\/\/bmpinteriorismo.com\/index.php?rest_route=%2Fwp%2Fv2%2Fcomments&post=1060"}],"version-history":[{"count":1,"href":"https:\/\/bmpinteriorismo.com\/index.php?rest_route=\/wp\/v2\/posts\/1060\/revisions"}],"predecessor-version":[{"id":1067,"href":"https:\/\/bmpinteriorismo.com\/index.php?rest_route=\/wp\/v2\/posts\/1060\/revisions\/1067"}],"wp:attachment":[{"href":"https:\/\/bmpinteriorismo.com\/index.php?rest_route=%2Fwp%2Fv2%2Fmedia&parent=1060"}],"wp:term":[{"taxonomy":"category","embeddable":true,"href":"https:\/\/bmpinteriorismo.com\/index.php?rest_route=%2Fwp%2Fv2%2Fcategories&post=1060"},{"taxonomy":"post_tag","embeddable":true,"href":"https:\/\/bmpinteriorismo.com\/index.php?rest_route=%2Fwp%2Fv2%2Ftags&post=1060"}],"curies":[{"name":"wp","href":"https:\/\/api.w.org\/{rel}","templated":true}]}}